{"id":1271,"date":"2026-04-10T14:20:30","date_gmt":"2026-04-10T12:20:30","guid":{"rendered":"https:\/\/www.klarsan.pl\/realizacje\/?p=1271"},"modified":"2026-04-10T14:20:30","modified_gmt":"2026-04-10T12:20:30","slug":"system-odzysku-wody-szarej-na-potrzeby-dzialalnosci-uniwersytetu","status":"publish","type":"post","link":"https:\/\/www.klarsan.pl\/realizacje\/system-odzysku-wody-szarej-na-potrzeby-dzialalnosci-uniwersytetu\/","title":{"rendered":"System odzysku wody szarej na potrzeby dzia\u0142alno\u015bci uniwersytetu"},"content":{"rendered":"<p>Szara woda pochodz\u0105ca z pomieszcze\u0144 socjalnych (m.in. umywalki i zlewy) jest odzyskiwana i t\u0142oczona bezpo\u015brednio do sp\u0142uczek ust\u0119powych.<!--more--><\/p>\n<p>W zaprezentowanej realizacji odzysk wody zosta\u0142 zrealizowany za pomoc\u0105 systemu naziemnego obejmuj\u0105cego pi\u0119\u0107 element\u00f3w - zbiornik sedymentacyjny, dwa zbiorniki napowietrzania, system ultrafiltracji z napowietrzaniem oraz ko\u0144cowy zbiornik wody oczyszczonej. Sprawne dzia\u0142anie tej instalacji gwarantuj\u0105 dwie pompy zanurzeniowe, sterownik pracuj\u0105cy na odczycie ci\u015bnienia w instalacji oraz sterownik uzupe\u0142niania wody.<\/p>\n<p>Ze wzgl\u0119du na mo\u017cliwe wyst\u0119powanie brzydkiego zapachu (naturalny efekt zachodz\u0105cych proces\u00f3w technologicznych), w pomieszczeniu konieczne by\u0142o zastosowanie wydajnej wentylacji.<\/p>\n","protected":false},"excerpt":{"rendered":"<p>Szara woda pochodz\u0105ca z pomieszcze\u0144 socjalnych (m.in. umywalki i zlewy) jest odzyskiwana i t\u0142oczona bezpo\u015brednio do sp\u0142uczek ust\u0119powych.<\/p>\n","protected":false},"author":1,"featured_media":1272,"comment_status":"closed","ping_status":"closed","sticky":false,"template":"","format":"standard","meta":{"_acf_changed":false,"footnotes":""},"categories":[10],"tags":[],"realizacja_problem":[193],"class_list":["post-1271","post","type-post","status-publish","format-standard","has-post-thumbnail","hentry","category-przemysl","realizacja_problem-zapach-i-smak"],"acf":[],"_links":{"self":[{"href":"https:\/\/www.klarsan.pl\/realizacje\/wp-json\/wp\/v2\/posts\/1271","targetHints":{"allow":["GET"]}}],"collection":[{"href":"https:\/\/www.klarsan.pl\/realizacje\/wp-json\/wp\/v2\/posts"}],"about":[{"href":"https:\/\/www.klarsan.pl\/realizacje\/wp-json\/wp\/v2\/types\/post"}],"author":[{"embeddable":true,"href":"https:\/\/www.klarsan.pl\/realizacje\/wp-json\/wp\/v2\/users\/1"}],"replies":[{"embeddable":true,"href":"https:\/\/www.klarsan.pl\/realizacje\/wp-json\/wp\/v2\/comments?post=1271"}],"version-history":[{"count":1,"href":"https:\/\/www.klarsan.pl\/realizacje\/wp-json\/wp\/v2\/posts\/1271\/revisions"}],"predecessor-version":[{"id":1273,"href":"https:\/\/www.klarsan.pl\/realizacje\/wp-json\/wp\/v2\/posts\/1271\/revisions\/1273"}],"wp:featuredmedia":[{"embeddable":true,"href":"https:\/\/www.klarsan.pl\/realizacje\/wp-json\/wp\/v2\/media\/1272"}],"wp:attachment":[{"href":"https:\/\/www.klarsan.pl\/realizacje\/wp-json\/wp\/v2\/media?parent=1271"}],"wp:term":[{"taxonomy":"category","embeddable":true,"href":"https:\/\/www.klarsan.pl\/realizacje\/wp-json\/wp\/v2\/categories?post=1271"},{"taxonomy":"post_tag","embeddable":true,"href":"https:\/\/www.klarsan.pl\/realizacje\/wp-json\/wp\/v2\/tags?post=1271"},{"taxonomy":"realizacja_problem","embeddable":true,"href":"https:\/\/www.klarsan.pl\/realizacje\/wp-json\/wp\/v2\/realizacja_problem?post=1271"}],"curies":[{"name":"wp","href":"https:\/\/api.w.org\/{rel}","templated":true}]}}