{"id":272,"date":"2019-12-03T14:35:50","date_gmt":"2019-12-03T13:35:50","guid":{"rendered":"https:\/\/www.klarsan.pl\/realizacje\/?p=272"},"modified":"2020-01-30T17:03:40","modified_gmt":"2020-01-30T16:03:40","slug":"ochrona-przed-mikroorganizmami-na-duza-skale","status":"publish","type":"post","link":"https:\/\/www.klarsan.pl\/realizacje\/ochrona-przed-mikroorganizmami-na-duza-skale\/","title":{"rendered":"Ochrona przed mikroorganizmami na du\u017c\u0105 skal\u0119"},"content":{"rendered":"<p>Dezynfekcja wody za pomoc\u0105 promieniowania ultrafioletowego nie jest popularna jedynie w\u015br\u00f3d indywidualnych u\u017cytkownik\u00f3w. Jej zalety s\u0105 doceniane r\u00f3wnie\u017c w du\u017cych przedsi\u0119biorstwach, a nawet zak\u0142adach wodoci\u0105gowych.<!--more--><\/p>\n<p>Przemys\u0142owe lampy bakteriob\u00f3jcze cz\u0119sto stanowi\u0105 dope\u0142nienie klasycznej dezynfekcji chemicznej za pomoc\u0105 \u015brodk\u00f3w zawieraj\u0105cych chlor. Obs\u0142uga przemys\u0142owej lampy UV nie jest trudna, a jej dzia\u0142anie nie wymaga sta\u0142ego monitorowania.<\/p>\n<p>Dodatkowymi zaletami stosowania takiego rodzaju fizycznej dezynfekcji wody jest brak oddzia\u0142ywania promieni UV na w\u0142a\u015bciwo\u015bci organoleptyczne &#8211; zmianie nie ulega ani smak, ani zapach wody. Ponadto nie powstaj\u0105 produkty uboczne dezynfekcji.<\/p>\n<p>Przedstawiona na zdj\u0119ciu przemys\u0142owa lampa bakteriob\u00f3jcza AMX3 TMA odpowiada na zapotrzebowanie gminy. \u015aredni pob\u00f3r wody wynosi 200 m3\/d, a maksymalna wydajno\u015b\u0107 stacji uzdatniania wody jest ponad dwa razy wi\u0119ksza.<\/p>\n","protected":false},"excerpt":{"rendered":"<p>Dezynfekcja wody za pomoc\u0105 promieniowania ultrafioletowego nie jest popularna jedynie w\u015br\u00f3d indywidualnych u\u017cytkownik\u00f3w. Jej zalety s\u0105 doceniane r\u00f3wnie\u017c w du\u017cych przedsi\u0119biorstwach, a nawet zak\u0142adach wodoci\u0105gowych.<\/p>\n","protected":false},"author":1,"featured_media":274,"comment_status":"closed","ping_status":"closed","sticky":false,"template":"","format":"standard","meta":[],"categories":[10],"tags":[111,110,50,31,97,29,100],"yoast_head":"<!-- This site is optimized with the Yoast SEO plugin v18.1 - https:\/\/yoast.com\/wordpress\/plugins\/seo\/ -->\n<title>Ochrona przed mikroorganizmami na du\u017c\u0105 skal\u0119 - Wybrane realizacje - KLARSAN<\/title>\n<meta name=\"robots\" content=\"index, follow, max-snippet:-1, max-image-preview:large, max-video-preview:-1\" \/>\n<link rel=\"canonical\" href=\"https:\/\/www.klarsan.pl\/realizacje\/ochrona-przed-mikroorganizmami-na-duza-skale\/\" \/>\n<meta property=\"og:locale\" content=\"pl_PL\" \/>\n<meta property=\"og:type\" content=\"article\" \/>\n<meta property=\"og:title\" content=\"Ochrona przed mikroorganizmami na du\u017c\u0105 skal\u0119 - Wybrane realizacje - KLARSAN\" \/>\n<meta property=\"og:description\" content=\"Dezynfekcja wody za pomoc\u0105 promieniowania ultrafioletowego nie jest popularna jedynie w\u015br\u00f3d indywidualnych u\u017cytkownik\u00f3w. Jej zalety s\u0105 doceniane r\u00f3wnie\u017c w du\u017cych przedsi\u0119biorstwach, a nawet zak\u0142adach wodoci\u0105gowych.\" \/>\n<meta property=\"og:url\" content=\"https:\/\/www.klarsan.pl\/realizacje\/ochrona-przed-mikroorganizmami-na-duza-skale\/\" \/>\n<meta property=\"og:site_name\" content=\"Wybrane realizacje - KLARSAN\" \/>\n<meta property=\"article:published_time\" content=\"2019-12-03T13:35:50+00:00\" \/>\n<meta property=\"article:modified_time\" content=\"2020-01-30T16:03:40+00:00\" \/>\n<meta property=\"og:image\" content=\"https:\/\/www.klarsan.pl\/realizacje\/wp-content\/uploads\/sites\/2\/2019\/12\/realizacja-049.jpg\" \/>\n\t<meta property=\"og:image:width\" content=\"1200\" \/>\n\t<meta property=\"og:image:height\" content=\"1200\" \/>\n\t<meta property=\"og:image:type\" content=\"image\/jpeg\" \/>\n<meta name=\"twitter:card\" content=\"summary_large_image\" \/>\n<meta name=\"twitter:label1\" content=\"Napisane przez\" \/>\n\t<meta name=\"twitter:data1\" content=\"krzysiek\" \/>\n\t<meta name=\"twitter:label2\" content=\"Szacowany czas czytania\" \/>\n\t<meta name=\"twitter:data2\" content=\"1 minuta\" \/>\n<script type=\"application\/ld+json\" class=\"yoast-schema-graph\">{\"@context\":\"https:\/\/schema.org\",\"@graph\":[{\"@type\":\"WebSite\",\"@id\":\"https:\/\/www.klarsan.pl\/realizacje\/#website\",\"url\":\"https:\/\/www.klarsan.pl\/realizacje\/\",\"name\":\"Wybrane realizacje - KLARSAN\",\"description\":\"In\u017cynieria uzdatniania wody\",\"potentialAction\":[{\"@type\":\"SearchAction\",\"target\":{\"@type\":\"EntryPoint\",\"urlTemplate\":\"https:\/\/www.klarsan.pl\/realizacje\/?s={search_term_string}\"},\"query-input\":\"required name=search_term_string\"}],\"inLanguage\":\"pl-PL\"},{\"@type\":\"ImageObject\",\"@id\":\"https:\/\/www.klarsan.pl\/realizacje\/ochrona-przed-mikroorganizmami-na-duza-skale\/#primaryimage\",\"inLanguage\":\"pl-PL\",\"url\":\"https:\/\/www.klarsan.pl\/realizacje\/wp-content\/uploads\/sites\/2\/2019\/12\/realizacja-049.jpg\",\"contentUrl\":\"https:\/\/www.klarsan.pl\/realizacje\/wp-content\/uploads\/sites\/2\/2019\/12\/realizacja-049.jpg\",\"width\":1200,\"height\":1200,\"caption\":\"Ochrona przed mikroorganizmami na du\u017c\u0105 skal\u0119\"},{\"@type\":\"WebPage\",\"@id\":\"https:\/\/www.klarsan.pl\/realizacje\/ochrona-przed-mikroorganizmami-na-duza-skale\/#webpage\",\"url\":\"https:\/\/www.klarsan.pl\/realizacje\/ochrona-przed-mikroorganizmami-na-duza-skale\/\",\"name\":\"Ochrona przed mikroorganizmami na du\u017c\u0105 skal\u0119 - Wybrane realizacje - KLARSAN\",\"isPartOf\":{\"@id\":\"https:\/\/www.klarsan.pl\/realizacje\/#website\"},\"primaryImageOfPage\":{\"@id\":\"https:\/\/www.klarsan.pl\/realizacje\/ochrona-przed-mikroorganizmami-na-duza-skale\/#primaryimage\"},\"datePublished\":\"2019-12-03T13:35:50+00:00\",\"dateModified\":\"2020-01-30T16:03:40+00:00\",\"author\":{\"@id\":\"https:\/\/www.klarsan.pl\/realizacje\/#\/schema\/person\/997dee28654853a2e06c4a8186af3328\"},\"breadcrumb\":{\"@id\":\"https:\/\/www.klarsan.pl\/realizacje\/ochrona-przed-mikroorganizmami-na-duza-skale\/#breadcrumb\"},\"inLanguage\":\"pl-PL\",\"potentialAction\":[{\"@type\":\"ReadAction\",\"target\":[\"https:\/\/www.klarsan.pl\/realizacje\/ochrona-przed-mikroorganizmami-na-duza-skale\/\"]}]},{\"@type\":\"BreadcrumbList\",\"@id\":\"https:\/\/www.klarsan.pl\/realizacje\/ochrona-przed-mikroorganizmami-na-duza-skale\/#breadcrumb\",\"itemListElement\":[{\"@type\":\"ListItem\",\"position\":1,\"name\":\"Strona g\u0142\u00f3wna\",\"item\":\"https:\/\/www.klarsan.pl\/realizacje\/\"},{\"@type\":\"ListItem\",\"position\":2,\"name\":\"Ochrona przed mikroorganizmami na du\u017c\u0105 skal\u0119\"}]},{\"@type\":\"Person\",\"@id\":\"https:\/\/www.klarsan.pl\/realizacje\/#\/schema\/person\/997dee28654853a2e06c4a8186af3328\",\"name\":\"krzysiek\",\"image\":{\"@type\":\"ImageObject\",\"@id\":\"https:\/\/www.klarsan.pl\/realizacje\/#personlogo\",\"inLanguage\":\"pl-PL\",\"url\":\"https:\/\/secure.gravatar.com\/avatar\/50f63d300f67d34e34cdec3bed52c2a4?s=96&d=mm&r=g\",\"contentUrl\":\"https:\/\/secure.gravatar.com\/avatar\/50f63d300f67d34e34cdec3bed52c2a4?s=96&d=mm&r=g\",\"caption\":\"krzysiek\"}}]}<\/script>\n<!-- \/ Yoast SEO plugin. -->","yoast_head_json":{"title":"Ochrona przed mikroorganizmami na du\u017c\u0105 skal\u0119 - Wybrane realizacje - KLARSAN","robots":{"index":"index","follow":"follow","max-snippet":"max-snippet:-1","max-image-preview":"max-image-preview:large","max-video-preview":"max-video-preview:-1"},"canonical":"https:\/\/www.klarsan.pl\/realizacje\/ochrona-przed-mikroorganizmami-na-duza-skale\/","og_locale":"pl_PL","og_type":"article","og_title":"Ochrona przed mikroorganizmami na du\u017c\u0105 skal\u0119 - Wybrane realizacje - KLARSAN","og_description":"Dezynfekcja wody za pomoc\u0105 promieniowania ultrafioletowego nie jest popularna jedynie w\u015br\u00f3d indywidualnych u\u017cytkownik\u00f3w. Jej zalety s\u0105 doceniane r\u00f3wnie\u017c w du\u017cych przedsi\u0119biorstwach, a nawet zak\u0142adach wodoci\u0105gowych.","og_url":"https:\/\/www.klarsan.pl\/realizacje\/ochrona-przed-mikroorganizmami-na-duza-skale\/","og_site_name":"Wybrane realizacje - KLARSAN","article_published_time":"2019-12-03T13:35:50+00:00","article_modified_time":"2020-01-30T16:03:40+00:00","og_image":[{"width":1200,"height":1200,"url":"https:\/\/www.klarsan.pl\/realizacje\/wp-content\/uploads\/sites\/2\/2019\/12\/realizacja-049.jpg","type":"image\/jpeg"}],"twitter_card":"summary_large_image","twitter_misc":{"Napisane przez":"krzysiek","Szacowany czas czytania":"1 minuta"},"schema":{"@context":"https:\/\/schema.org","@graph":[{"@type":"WebSite","@id":"https:\/\/www.klarsan.pl\/realizacje\/#website","url":"https:\/\/www.klarsan.pl\/realizacje\/","name":"Wybrane realizacje - KLARSAN","description":"In\u017cynieria uzdatniania wody","potentialAction":[{"@type":"SearchAction","target":{"@type":"EntryPoint","urlTemplate":"https:\/\/www.klarsan.pl\/realizacje\/?s={search_term_string}"},"query-input":"required name=search_term_string"}],"inLanguage":"pl-PL"},{"@type":"ImageObject","@id":"https:\/\/www.klarsan.pl\/realizacje\/ochrona-przed-mikroorganizmami-na-duza-skale\/#primaryimage","inLanguage":"pl-PL","url":"https:\/\/www.klarsan.pl\/realizacje\/wp-content\/uploads\/sites\/2\/2019\/12\/realizacja-049.jpg","contentUrl":"https:\/\/www.klarsan.pl\/realizacje\/wp-content\/uploads\/sites\/2\/2019\/12\/realizacja-049.jpg","width":1200,"height":1200,"caption":"Ochrona przed mikroorganizmami na du\u017c\u0105 skal\u0119"},{"@type":"WebPage","@id":"https:\/\/www.klarsan.pl\/realizacje\/ochrona-przed-mikroorganizmami-na-duza-skale\/#webpage","url":"https:\/\/www.klarsan.pl\/realizacje\/ochrona-przed-mikroorganizmami-na-duza-skale\/","name":"Ochrona przed mikroorganizmami na du\u017c\u0105 skal\u0119 - Wybrane realizacje - KLARSAN","isPartOf":{"@id":"https:\/\/www.klarsan.pl\/realizacje\/#website"},"primaryImageOfPage":{"@id":"https:\/\/www.klarsan.pl\/realizacje\/ochrona-przed-mikroorganizmami-na-duza-skale\/#primaryimage"},"datePublished":"2019-12-03T13:35:50+00:00","dateModified":"2020-01-30T16:03:40+00:00","author":{"@id":"https:\/\/www.klarsan.pl\/realizacje\/#\/schema\/person\/997dee28654853a2e06c4a8186af3328"},"breadcrumb":{"@id":"https:\/\/www.klarsan.pl\/realizacje\/ochrona-przed-mikroorganizmami-na-duza-skale\/#breadcrumb"},"inLanguage":"pl-PL","potentialAction":[{"@type":"ReadAction","target":["https:\/\/www.klarsan.pl\/realizacje\/ochrona-przed-mikroorganizmami-na-duza-skale\/"]}]},{"@type":"BreadcrumbList","@id":"https:\/\/www.klarsan.pl\/realizacje\/ochrona-przed-mikroorganizmami-na-duza-skale\/#breadcrumb","itemListElement":[{"@type":"ListItem","position":1,"name":"Strona g\u0142\u00f3wna","item":"https:\/\/www.klarsan.pl\/realizacje\/"},{"@type":"ListItem","position":2,"name":"Ochrona przed mikroorganizmami na du\u017c\u0105 skal\u0119"}]},{"@type":"Person","@id":"https:\/\/www.klarsan.pl\/realizacje\/#\/schema\/person\/997dee28654853a2e06c4a8186af3328","name":"krzysiek","image":{"@type":"ImageObject","@id":"https:\/\/www.klarsan.pl\/realizacje\/#personlogo","inLanguage":"pl-PL","url":"https:\/\/secure.gravatar.com\/avatar\/50f63d300f67d34e34cdec3bed52c2a4?s=96&d=mm&r=g","contentUrl":"https:\/\/secure.gravatar.com\/avatar\/50f63d300f67d34e34cdec3bed52c2a4?s=96&d=mm&r=g","caption":"krzysiek"}}]}},"_links":{"self":[{"href":"https:\/\/www.klarsan.pl\/realizacje\/wp-json\/wp\/v2\/posts\/272"}],"collection":[{"href":"https:\/\/www.klarsan.pl\/realizacje\/wp-json\/wp\/v2\/posts"}],"about":[{"href":"https:\/\/www.klarsan.pl\/realizacje\/wp-json\/wp\/v2\/types\/post"}],"author":[{"embeddable":true,"href":"https:\/\/www.klarsan.pl\/realizacje\/wp-json\/wp\/v2\/users\/1"}],"replies":[{"embeddable":true,"href":"https:\/\/www.klarsan.pl\/realizacje\/wp-json\/wp\/v2\/comments?post=272"}],"version-history":[{"count":1,"href":"https:\/\/www.klarsan.pl\/realizacje\/wp-json\/wp\/v2\/posts\/272\/revisions"}],"predecessor-version":[{"id":273,"href":"https:\/\/www.klarsan.pl\/realizacje\/wp-json\/wp\/v2\/posts\/272\/revisions\/273"}],"wp:featuredmedia":[{"embeddable":true,"href":"https:\/\/www.klarsan.pl\/realizacje\/wp-json\/wp\/v2\/media\/274"}],"wp:attachment":[{"href":"https:\/\/www.klarsan.pl\/realizacje\/wp-json\/wp\/v2\/media?parent=272"}],"wp:term":[{"taxonomy":"category","embeddable":true,"href":"https:\/\/www.klarsan.pl\/realizacje\/wp-json\/wp\/v2\/categories?post=272"},{"taxonomy":"post_tag","embeddable":true,"href":"https:\/\/www.klarsan.pl\/realizacje\/wp-json\/wp\/v2\/tags?post=272"}],"curies":[{"name":"wp","href":"https:\/\/api.w.org\/{rel}","templated":true}]}}